{"id":5083,"date":"2024-02-27T11:05:31","date_gmt":"2024-02-27T10:05:31","guid":{"rendered":"https:\/\/www.olympiade-der-koeche.com\/en\/?p=5083"},"modified":"2024-02-27T11:05:41","modified_gmt":"2024-02-27T10:05:41","slug":"learning-from-the-grown-ups-at-the-ika","status":"publish","type":"post","link":"https:\/\/www.olympiade-der-koeche.com\/en\/news\/learning-from-the-grown-ups-at-the-ika\/","title":{"rendered":"Learning from the &#8220;Grown-ups&#8221; at the IKA"},"content":{"rendered":"<p><b><span data-contrast=\"auto\">Text<\/span><\/b><span data-contrast=\"auto\"> Anna H\u00e4user\u00a0 <strong>Photos<\/strong> IKA\/Culinary Olympics<\/span><\/p>\n<figure id=\"attachment_5078\" aria-describedby=\"caption-attachment-5078\" style=\"width: 320px\" class=\"wp-caption alignright\"><img loading=\"lazy\" class=\"wp-image-5078\" src=\"https:\/\/www.olympiade-der-koeche.com\/en\/wp-content\/uploads\/sites\/2\/2024\/02\/K04-Foto-5_MG_8838-1024x683.jpg\" alt=\"Little chefs on a big stage.\" width=\"320\" height=\"213\" srcset=\"https:\/\/www.olympiade-der-koeche.com\/en\/wp-content\/uploads\/sites\/2\/2024\/02\/K04-Foto-5_MG_8838-1024x683.jpg 1024w, https:\/\/www.olympiade-der-koeche.com\/en\/wp-content\/uploads\/sites\/2\/2024\/02\/K04-Foto-5_MG_8838-300x200.jpg 300w, https:\/\/www.olympiade-der-koeche.com\/en\/wp-content\/uploads\/sites\/2\/2024\/02\/K04-Foto-5_MG_8838-768x512.jpg 768w, https:\/\/www.olympiade-der-koeche.com\/en\/wp-content\/uploads\/sites\/2\/2024\/02\/K04-Foto-5_MG_8838-1536x1025.jpg 1536w, https:\/\/www.olympiade-der-koeche.com\/en\/wp-content\/uploads\/sites\/2\/2024\/02\/K04-Foto-5_MG_8838-2048x1366.jpg 2048w, https:\/\/www.olympiade-der-koeche.com\/en\/wp-content\/uploads\/sites\/2\/2024\/02\/K04-Foto-5_MG_8838-510x340.jpg 510w\" sizes=\"(max-width: 320px) 100vw, 320px\" \/><figcaption id=\"caption-attachment-5078\" class=\"wp-caption-text\">Little chefs on a big stage.<\/figcaption><\/figure>\n<p><span data-contrast=\"auto\">The doors opened, Herbert Gr\u00f6nemeyer&#8217;s famous song &#8220;Zeit, dass sich was dreht&#8221; rang out from the speakers and the German teams walked across the stage to the applause of hundreds of chefs and fans from all over the world. The parade of nations was one of the highlights of the opening ceremony of the IKA\/Culinary Olympics at the beginning of February. However, the 35 professional chefs in white &#8211; together with the members of the German Armed Forces National Culinary Team &#8211; were not the only &#8220;stars&#8221; on the stage that day. 20 &#8220;mini chefs&#8221; accompanied the teams hand in hand, waving black, red and gold flags and bringing a tear or two to the eyes of the audience in Stuttgart&#8217;s ICS International Congress Center. A total of 150 \u201eMinik\u00f6che\u201c aged 10 to 12 traveled from all over Germany for the IKA. &#8220;The children, their parents and siblings have been eagerly awaiting this big day for days,&#8221; says Susanne Droux, Managing Director of Europa Minik\u00f6che. &#8220;Even the team leaders of the mini-chef groups are not immune to this big event. After all, it is the emotional start of the global Culinary Olympics, which their little mini chefs can experience up close.&#8221;<\/span><span data-ccp-props=\"{&quot;201341983&quot;:0,&quot;335559739&quot;:160,&quot;335559740&quot;:259}\">\u00a0<\/span><\/p>\n<p><b><span data-contrast=\"auto\">Olympic Birthday Party\u00a0<\/span><\/b><span data-ccp-props=\"{&quot;201341983&quot;:0,&quot;335559739&quot;:160,&quot;335559740&quot;:259}\">\u00a0<\/span><\/p>\n<p><span data-contrast=\"auto\">With their appearance at the IKA, the mini chefs celebrated a very special birthday: their 35th anniversary. The Europa Minik\u00f6che were founded 35 years ago by J\u00fcrgen M\u00e4dger as a vacation activity for children. Today, 825 children and 50 groups in Germany, Austria and Scotland make up the large Europa Minik\u00f6che family. Today, Europa Minik\u00f6che gGmbH is a non-profit organization supported by the seven Dehoga state associations of Bavaria, Hesse, North Rhine-Westphalia, Rhineland-Palatinate, Saxony, Schleswig-Holstein and Thuringia. &#8220;The philosophy of the project is to teach children about gastronomic craftsmanship, nutrition and health as well as the appreciation of local food and the environment through local hosts,&#8221; says Susanne Droux. &#8220;The children process fresh food and learn how to use it to cook delicious, regional dishes. After all, an awareness of healthy eating plays an important role in the development of young people.&#8221;\u00a0<\/span><\/p>\n<p style=\"text-align: center;\"><span data-ccp-props=\"{&quot;201341983&quot;:0,&quot;335559739&quot;:160,&quot;335559740&quot;:259}\">\u00a0<\/span><br \/>\n<iframe loading=\"lazy\" title=\"YouTube video player\" src=\"https:\/\/www.youtube.com\/embed\/uGyNPODhrxA?si=ekdALhJkymNW4PHK\" width=\"560\" height=\"315\" frameborder=\"0\" allowfullscreen=\"allowfullscreen\"><\/iframe><\/p>\n<p><span data-contrast=\"auto\">At the IKA\/Culinary Olympics, it wasn&#8217;t just the German professional chefs who enjoyed the &#8220;mini-support&#8221;. All international teams were accompanied by members of the Minik\u00f6che as they marched in. &#8220;There was great joy among the Ukrainian Junior National Team, which was accompanied by the two Ukrainian mini chefs Danylo and Matvii from Hersbruck,&#8221; says Peter Bauer, head of the Hersbruck Minik\u00f6che. After an evening of overwhelming impressions and emotional goosebumps, the IKA opening came to an end for the young and old chefs alike and the first day of the competition was upon them.\u00a0<\/span><span data-ccp-props=\"{&quot;201341983&quot;:0,&quot;335559739&quot;:160,&quot;335559740&quot;:259}\">\u00a0<\/span><\/p>\n<p><b><span data-contrast=\"auto\">Young professionals in kitchen 17\u00a0<\/span><\/b><span data-ccp-props=\"{&quot;201341983&quot;:0,&quot;335559739&quot;:160,&quot;335559740&quot;:259}\">\u00a0<\/span><\/p>\n<figure id=\"attachment_5081\" aria-describedby=\"caption-attachment-5081\" style=\"width: 320px\" class=\"wp-caption alignright\"><img loading=\"lazy\" class=\"wp-image-5081\" src=\"https:\/\/www.olympiade-der-koeche.com\/en\/wp-content\/uploads\/sites\/2\/2024\/02\/02_Kam1_20240203-005-1024x683.jpg\" alt=\"The children had a lot of fun cooking in the IKA kitchen.\" width=\"320\" height=\"213\" srcset=\"https:\/\/www.olympiade-der-koeche.com\/en\/wp-content\/uploads\/sites\/2\/2024\/02\/02_Kam1_20240203-005-1024x683.jpg 1024w, https:\/\/www.olympiade-der-koeche.com\/en\/wp-content\/uploads\/sites\/2\/2024\/02\/02_Kam1_20240203-005-300x200.jpg 300w, https:\/\/www.olympiade-der-koeche.com\/en\/wp-content\/uploads\/sites\/2\/2024\/02\/02_Kam1_20240203-005-768x512.jpg 768w, https:\/\/www.olympiade-der-koeche.com\/en\/wp-content\/uploads\/sites\/2\/2024\/02\/02_Kam1_20240203-005-1536x1024.jpg 1536w, https:\/\/www.olympiade-der-koeche.com\/en\/wp-content\/uploads\/sites\/2\/2024\/02\/02_Kam1_20240203-005-2048x1365.jpg 2048w, https:\/\/www.olympiade-der-koeche.com\/en\/wp-content\/uploads\/sites\/2\/2024\/02\/02_Kam1_20240203-005-510x340.jpg 510w\" sizes=\"(max-width: 320px) 100vw, 320px\" \/><figcaption id=\"caption-attachment-5081\" class=\"wp-caption-text\">The children had a lot of fun cooking in the IKA kitchen.<\/figcaption><\/figure>\n<p><span data-contrast=\"auto\">While the first teams cooked for medals on IKA Saturday, the kitchen with the number 17 also became a crowd puller: Around a dozen mini chefs prepared four different plated dishes under the gaze of an international audience of experts. &#8220;According to members of the jury and participants from various national teams, the kids performed like professionals in this international competition &#8211; out of competition, of course,&#8221; says Peter Bauer proudly. For the children themselves, it&#8217;s all about the experience, the fun and their first contact with the cooking profession. &#8220;We&#8217;re taking part in the project because we want to cook. Maybe I&#8217;ll be a chef one day,&#8221; says Matvii from Ukraine, for example.<\/span><span data-ccp-props=\"{&quot;201341983&quot;:0,&quot;335559739&quot;:160,&quot;335559740&quot;:259}\">\u00a0<\/span><\/p>\n<p><span data-contrast=\"auto\">The invitations that the young colleagues took home from the IKA showed just how much the mini chefs won the hearts of the gastronomy professionals: The Vatel Club Luxembourg has invited the Minik\u00f6che to the 2026 Culinary World Cup. And VKD President Daniel Schade is already looking forward to seeing them again in Stuttgart at the IKA\/Culinary Olympics 2028. After a tour of the adjacent Intergastra trade fair and a visit to the Dehoga Baden-W\u00fcrttemberg stand, the 150 mini chefs enjoyed a successful IKA participation and two unforgettable days. This 35th anniversary celebration will probably be remembered by all those involved for a long time to come.\u00a0\u00a0<\/span><\/p>\n<figure id=\"attachment_5075\" aria-describedby=\"caption-attachment-5075\" style=\"width: 350px\" class=\"wp-caption alignleft\"><img loading=\"lazy\" class=\"wp-image-5075\" src=\"https:\/\/www.olympiade-der-koeche.com\/en\/wp-content\/uploads\/sites\/2\/2024\/02\/K04-Foto-4_Bild-20240203-100836-77132f95-1024x683.jpeg\" alt=\"Selfie time with VKD President Daniel Schade.\" width=\"350\" height=\"233\" srcset=\"https:\/\/www.olympiade-der-koeche.com\/en\/wp-content\/uploads\/sites\/2\/2024\/02\/K04-Foto-4_Bild-20240203-100836-77132f95-1024x683.jpeg 1024w, https:\/\/www.olympiade-der-koeche.com\/en\/wp-content\/uploads\/sites\/2\/2024\/02\/K04-Foto-4_Bild-20240203-100836-77132f95-300x200.jpeg 300w, https:\/\/www.olympiade-der-koeche.com\/en\/wp-content\/uploads\/sites\/2\/2024\/02\/K04-Foto-4_Bild-20240203-100836-77132f95-768x512.jpeg 768w, https:\/\/www.olympiade-der-koeche.com\/en\/wp-content\/uploads\/sites\/2\/2024\/02\/K04-Foto-4_Bild-20240203-100836-77132f95-1536x1024.jpeg 1536w, https:\/\/www.olympiade-der-koeche.com\/en\/wp-content\/uploads\/sites\/2\/2024\/02\/K04-Foto-4_Bild-20240203-100836-77132f95-2048x1365.jpeg 2048w, https:\/\/www.olympiade-der-koeche.com\/en\/wp-content\/uploads\/sites\/2\/2024\/02\/K04-Foto-4_Bild-20240203-100836-77132f95-510x340.jpeg 510w\" sizes=\"(max-width: 350px) 100vw, 350px\" \/><figcaption id=\"caption-attachment-5075\" class=\"wp-caption-text\">Selfie time with VKD President Daniel Schade.<\/figcaption><\/figure>\n<figure id=\"attachment_5076\" aria-describedby=\"caption-attachment-5076\" style=\"width: 350px\" class=\"wp-caption alignleft\"><img loading=\"lazy\" class=\"wp-image-5076\" src=\"https:\/\/www.olympiade-der-koeche.com\/en\/wp-content\/uploads\/sites\/2\/2024\/02\/AQ2I7698-1024x682.jpg\" alt=\"Aq2i7698\" width=\"350\" height=\"233\" srcset=\"https:\/\/www.olympiade-der-koeche.com\/en\/wp-content\/uploads\/sites\/2\/2024\/02\/AQ2I7698-1024x682.jpg 1024w, https:\/\/www.olympiade-der-koeche.com\/en\/wp-content\/uploads\/sites\/2\/2024\/02\/AQ2I7698-300x200.jpg 300w, https:\/\/www.olympiade-der-koeche.com\/en\/wp-content\/uploads\/sites\/2\/2024\/02\/AQ2I7698-768x512.jpg 768w, https:\/\/www.olympiade-der-koeche.com\/en\/wp-content\/uploads\/sites\/2\/2024\/02\/AQ2I7698-1536x1024.jpg 1536w, https:\/\/www.olympiade-der-koeche.com\/en\/wp-content\/uploads\/sites\/2\/2024\/02\/AQ2I7698-2048x1365.jpg 2048w, https:\/\/www.olympiade-der-koeche.com\/en\/wp-content\/uploads\/sites\/2\/2024\/02\/AQ2I7698-510x340.jpg 510w\" sizes=\"(max-width: 350px) 100vw, 350px\" \/><figcaption id=\"caption-attachment-5076\" class=\"wp-caption-text\">Team Germany and 20 mini chefs at the parade.<\/figcaption><\/figure>\n<p>&nbsp;<\/p>\n<p>&nbsp;<\/p>\n<p>&nbsp;<\/p>\n<p>&nbsp;<\/p>\n<p>&nbsp;<\/p>\n<p>&nbsp;<\/p>\n<p>&nbsp;<\/p>\n<hr \/>\n<blockquote><p><b><span data-contrast=\"auto\">About the Minik\u00f6che <\/span><\/b><span data-ccp-props=\"{&quot;201341983&quot;:0,&quot;335559739&quot;:160,&quot;335559740&quot;:259}\">\u00a0<\/span><\/p>\n<p><span data-contrast=\"auto\">Europa Minik\u00f6che gGmbH has been running creative cooking workshops with children aged 10 to 12 in catering establishments for 35 years. The project creates visibility and sympathy, it combines its non-profit purpose of nurturing and promoting young people with insights into the hospitality industry training professions and is also a flagship for the participating companies, organizations and regions.\u00a0<\/span><span data-ccp-props=\"{&quot;201341983&quot;:0,&quot;335559739&quot;:160,&quot;335559740&quot;:259}\">\u00a0<\/span><\/p>\n<p><span data-contrast=\"auto\">More information at <\/span><a href=\"http:\/\/www.minikoeche.eu\/\" target=\"_blank\" rel=\"noopener\"><span data-contrast=\"none\">www.minikoeche.eu<\/span><\/a><span data-contrast=\"auto\">\u00a0<\/span><span data-ccp-props=\"{&quot;201341983&quot;:0,&quot;335559739&quot;:160,&quot;335559740&quot;:259}\">\u00a0<\/span><\/p><\/blockquote>\n","protected":false},"excerpt":{"rendered":"<p>150 mini chefs first conquered the stage at the 26th IKA\/Culinary Olympics in Stuttgart, then the competition kitchen and finally won the hearts of numerous visitors and industry colleagues.   <\/p>\n","protected":false},"author":2,"featured_media":5074,"comment_status":"closed","ping_status":"open","sticky":false,"template":"","format":"standard","meta":[],"categories":[1,11],"tags":[50],"acf":[],"yoast_head":"<!-- This site is optimized with the Yoast SEO plugin v17.3 - https:\/\/yoast.com\/wordpress\/plugins\/seo\/ -->\n<title>Learning from the &quot;Grown-ups&quot; at the IKA<\/title>\n<meta name=\"robots\" content=\"index, follow, max-snippet:-1, max-image-preview:large, max-video-preview:-1\" \/>\n<link rel=\"canonical\" href=\"https:\/\/www.olympiade-der-koeche.com\/en\/news\/learning-from-the-grown-ups-at-the-ika\/\" \/>\n<meta property=\"og:locale\" content=\"en_US\" \/>\n<meta property=\"og:type\" content=\"article\" \/>\n<meta property=\"og:title\" content=\"Learning from the &quot;Grown-ups&quot; at the IKA\" \/>\n<meta property=\"og:description\" content=\"150 mini chefs first conquered the stage at the 26th IKA\/Culinary Olympics in Stuttgart, then the competition kitchen and finally won the hearts of numerous visitors and industry colleagues.\" \/>\n<meta property=\"og:url\" content=\"https:\/\/www.olympiade-der-koeche.com\/en\/news\/learning-from-the-grown-ups-at-the-ika\/\" \/>\n<meta property=\"og:site_name\" content=\"IKA - Culinary Olympics\" \/>\n<meta property=\"article:published_time\" content=\"2024-02-27T10:05:31+00:00\" \/>\n<meta property=\"article:modified_time\" content=\"2024-02-27T10:05:41+00:00\" \/>\n<meta property=\"og:image\" content=\"https:\/\/www.olympiade-der-koeche.com\/en\/wp-content\/uploads\/sites\/2\/2024\/02\/02_Kam1_20240203-003-scaled.jpg\" \/>\n\t<meta property=\"og:image:width\" content=\"2560\" \/>\n\t<meta property=\"og:image:height\" content=\"1707\" \/>\n<meta name=\"twitter:card\" content=\"summary_large_image\" \/>\n<meta name=\"twitter:label1\" content=\"Written by\" \/>\n\t<meta name=\"twitter:data1\" content=\"annahaeuser\" \/>\n\t<meta name=\"twitter:label2\" content=\"Est. reading time\" \/>\n\t<meta name=\"twitter:data2\" content=\"4 minutes\" \/>\n<script type=\"application\/ld+json\" class=\"yoast-schema-graph\">{\"@context\":\"https:\/\/schema.org\",\"@graph\":[{\"@type\":\"WebSite\",\"@id\":\"https:\/\/www.olympiade-der-koeche.com\/en\/#website\",\"url\":\"https:\/\/www.olympiade-der-koeche.com\/en\/\",\"name\":\"IKA - Culinary Olympics\",\"description\":\"Eine weitere WordPress-Website\",\"potentialAction\":[{\"@type\":\"SearchAction\",\"target\":{\"@type\":\"EntryPoint\",\"urlTemplate\":\"https:\/\/www.olympiade-der-koeche.com\/en\/?s={search_term_string}\"},\"query-input\":\"required name=search_term_string\"}],\"inLanguage\":\"en-US\"},{\"@type\":\"ImageObject\",\"@id\":\"https:\/\/www.olympiade-der-koeche.com\/en\/news\/learning-from-the-grown-ups-at-the-ika\/#primaryimage\",\"inLanguage\":\"en-US\",\"url\":\"https:\/\/www.olympiade-der-koeche.com\/en\/wp-content\/uploads\/sites\/2\/2024\/02\/02_Kam1_20240203-003-scaled.jpg\",\"contentUrl\":\"https:\/\/www.olympiade-der-koeche.com\/en\/wp-content\/uploads\/sites\/2\/2024\/02\/02_Kam1_20240203-003-scaled.jpg\",\"width\":2560,\"height\":1707,\"caption\":\"On IKA Saturday, the mini chefs stood at the stove in competition kitchen number 17.\"},{\"@type\":\"WebPage\",\"@id\":\"https:\/\/www.olympiade-der-koeche.com\/en\/news\/learning-from-the-grown-ups-at-the-ika\/#webpage\",\"url\":\"https:\/\/www.olympiade-der-koeche.com\/en\/news\/learning-from-the-grown-ups-at-the-ika\/\",\"name\":\"Learning from the \\\"Grown-ups\\\" at the IKA\",\"isPartOf\":{\"@id\":\"https:\/\/www.olympiade-der-koeche.com\/en\/#website\"},\"primaryImageOfPage\":{\"@id\":\"https:\/\/www.olympiade-der-koeche.com\/en\/news\/learning-from-the-grown-ups-at-the-ika\/#primaryimage\"},\"datePublished\":\"2024-02-27T10:05:31+00:00\",\"dateModified\":\"2024-02-27T10:05:41+00:00\",\"author\":{\"@id\":\"https:\/\/www.olympiade-der-koeche.com\/en\/#\/schema\/person\/a67ae6197c110654871b85376918c280\"},\"breadcrumb\":{\"@id\":\"https:\/\/www.olympiade-der-koeche.com\/en\/news\/learning-from-the-grown-ups-at-the-ika\/#breadcrumb\"},\"inLanguage\":\"en-US\",\"potentialAction\":[{\"@type\":\"ReadAction\",\"target\":[\"https:\/\/www.olympiade-der-koeche.com\/en\/news\/learning-from-the-grown-ups-at-the-ika\/\"]}]},{\"@type\":\"BreadcrumbList\",\"@id\":\"https:\/\/www.olympiade-der-koeche.com\/en\/news\/learning-from-the-grown-ups-at-the-ika\/#breadcrumb\",\"itemListElement\":[{\"@type\":\"ListItem\",\"position\":1,\"name\":\"Startseite\",\"item\":\"https:\/\/www.olympiade-der-koeche.com\/en\/\"},{\"@type\":\"ListItem\",\"position\":2,\"name\":\"Learning from the &#8220;Grown-ups&#8221; at the IKA\"}]},{\"@type\":\"Person\",\"@id\":\"https:\/\/www.olympiade-der-koeche.com\/en\/#\/schema\/person\/a67ae6197c110654871b85376918c280\",\"name\":\"annahaeuser\",\"image\":{\"@type\":\"ImageObject\",\"@id\":\"https:\/\/www.olympiade-der-koeche.com\/en\/#personlogo\",\"inLanguage\":\"en-US\",\"url\":\"https:\/\/secure.gravatar.com\/avatar\/6f3767a35f57fdfbc5ccaf001b61bd93?s=96&d=mm&r=g\",\"contentUrl\":\"https:\/\/secure.gravatar.com\/avatar\/6f3767a35f57fdfbc5ccaf001b61bd93?s=96&d=mm&r=g\",\"caption\":\"annahaeuser\"},\"url\":\"https:\/\/www.olympiade-der-koeche.com\/en\/news\/author\/annahaeuser\/\"}]}<\/script>\n<!-- \/ Yoast SEO plugin. -->","yoast_head_json":{"title":"Learning from the \"Grown-ups\" at the IKA","robots":{"index":"index","follow":"follow","max-snippet":"max-snippet:-1","max-image-preview":"max-image-preview:large","max-video-preview":"max-video-preview:-1"},"canonical":"https:\/\/www.olympiade-der-koeche.com\/en\/news\/learning-from-the-grown-ups-at-the-ika\/","og_locale":"en_US","og_type":"article","og_title":"Learning from the \"Grown-ups\" at the IKA","og_description":"150 mini chefs first conquered the stage at the 26th IKA\/Culinary Olympics in Stuttgart, then the competition kitchen and finally won the hearts of numerous visitors and industry colleagues.","og_url":"https:\/\/www.olympiade-der-koeche.com\/en\/news\/learning-from-the-grown-ups-at-the-ika\/","og_site_name":"IKA - Culinary Olympics","article_published_time":"2024-02-27T10:05:31+00:00","article_modified_time":"2024-02-27T10:05:41+00:00","og_image":[{"width":2560,"height":1707,"url":"https:\/\/www.olympiade-der-koeche.com\/en\/wp-content\/uploads\/sites\/2\/2024\/02\/02_Kam1_20240203-003-scaled.jpg","type":"image\/jpeg"}],"twitter_card":"summary_large_image","twitter_misc":{"Written by":"annahaeuser","Est. reading time":"4 minutes"},"schema":{"@context":"https:\/\/schema.org","@graph":[{"@type":"WebSite","@id":"https:\/\/www.olympiade-der-koeche.com\/en\/#website","url":"https:\/\/www.olympiade-der-koeche.com\/en\/","name":"IKA - Culinary Olympics","description":"Eine weitere WordPress-Website","potentialAction":[{"@type":"SearchAction","target":{"@type":"EntryPoint","urlTemplate":"https:\/\/www.olympiade-der-koeche.com\/en\/?s={search_term_string}"},"query-input":"required name=search_term_string"}],"inLanguage":"en-US"},{"@type":"ImageObject","@id":"https:\/\/www.olympiade-der-koeche.com\/en\/news\/learning-from-the-grown-ups-at-the-ika\/#primaryimage","inLanguage":"en-US","url":"https:\/\/www.olympiade-der-koeche.com\/en\/wp-content\/uploads\/sites\/2\/2024\/02\/02_Kam1_20240203-003-scaled.jpg","contentUrl":"https:\/\/www.olympiade-der-koeche.com\/en\/wp-content\/uploads\/sites\/2\/2024\/02\/02_Kam1_20240203-003-scaled.jpg","width":2560,"height":1707,"caption":"On IKA Saturday, the mini chefs stood at the stove in competition kitchen number 17."},{"@type":"WebPage","@id":"https:\/\/www.olympiade-der-koeche.com\/en\/news\/learning-from-the-grown-ups-at-the-ika\/#webpage","url":"https:\/\/www.olympiade-der-koeche.com\/en\/news\/learning-from-the-grown-ups-at-the-ika\/","name":"Learning from the \"Grown-ups\" at the IKA","isPartOf":{"@id":"https:\/\/www.olympiade-der-koeche.com\/en\/#website"},"primaryImageOfPage":{"@id":"https:\/\/www.olympiade-der-koeche.com\/en\/news\/learning-from-the-grown-ups-at-the-ika\/#primaryimage"},"datePublished":"2024-02-27T10:05:31+00:00","dateModified":"2024-02-27T10:05:41+00:00","author":{"@id":"https:\/\/www.olympiade-der-koeche.com\/en\/#\/schema\/person\/a67ae6197c110654871b85376918c280"},"breadcrumb":{"@id":"https:\/\/www.olympiade-der-koeche.com\/en\/news\/learning-from-the-grown-ups-at-the-ika\/#breadcrumb"},"inLanguage":"en-US","potentialAction":[{"@type":"ReadAction","target":["https:\/\/www.olympiade-der-koeche.com\/en\/news\/learning-from-the-grown-ups-at-the-ika\/"]}]},{"@type":"BreadcrumbList","@id":"https:\/\/www.olympiade-der-koeche.com\/en\/news\/learning-from-the-grown-ups-at-the-ika\/#breadcrumb","itemListElement":[{"@type":"ListItem","position":1,"name":"Startseite","item":"https:\/\/www.olympiade-der-koeche.com\/en\/"},{"@type":"ListItem","position":2,"name":"Learning from the &#8220;Grown-ups&#8221; at the IKA"}]},{"@type":"Person","@id":"https:\/\/www.olympiade-der-koeche.com\/en\/#\/schema\/person\/a67ae6197c110654871b85376918c280","name":"annahaeuser","image":{"@type":"ImageObject","@id":"https:\/\/www.olympiade-der-koeche.com\/en\/#personlogo","inLanguage":"en-US","url":"https:\/\/secure.gravatar.com\/avatar\/6f3767a35f57fdfbc5ccaf001b61bd93?s=96&d=mm&r=g","contentUrl":"https:\/\/secure.gravatar.com\/avatar\/6f3767a35f57fdfbc5ccaf001b61bd93?s=96&d=mm&r=g","caption":"annahaeuser"},"url":"https:\/\/www.olympiade-der-koeche.com\/en\/news\/author\/annahaeuser\/"}]}},"_links":{"self":[{"href":"https:\/\/www.olympiade-der-koeche.com\/en\/wp-json\/wp\/v2\/posts\/5083"}],"collection":[{"href":"https:\/\/www.olympiade-der-koeche.com\/en\/wp-json\/wp\/v2\/posts"}],"about":[{"href":"https:\/\/www.olympiade-der-koeche.com\/en\/wp-json\/wp\/v2\/types\/post"}],"author":[{"embeddable":true,"href":"https:\/\/www.olympiade-der-koeche.com\/en\/wp-json\/wp\/v2\/users\/2"}],"replies":[{"embeddable":true,"href":"https:\/\/www.olympiade-der-koeche.com\/en\/wp-json\/wp\/v2\/comments?post=5083"}],"version-history":[{"count":3,"href":"https:\/\/www.olympiade-der-koeche.com\/en\/wp-json\/wp\/v2\/posts\/5083\/revisions"}],"predecessor-version":[{"id":5086,"href":"https:\/\/www.olympiade-der-koeche.com\/en\/wp-json\/wp\/v2\/posts\/5083\/revisions\/5086"}],"wp:featuredmedia":[{"embeddable":true,"href":"https:\/\/www.olympiade-der-koeche.com\/en\/wp-json\/wp\/v2\/media\/5074"}],"wp:attachment":[{"href":"https:\/\/www.olympiade-der-koeche.com\/en\/wp-json\/wp\/v2\/media?parent=5083"}],"wp:term":[{"taxonomy":"category","embeddable":true,"href":"https:\/\/www.olympiade-der-koeche.com\/en\/wp-json\/wp\/v2\/categories?post=5083"},{"taxonomy":"post_tag","embeddable":true,"href":"https:\/\/www.olympiade-der-koeche.com\/en\/wp-json\/wp\/v2\/tags?post=5083"}],"curies":[{"name":"wp","href":"https:\/\/api.w.org\/{rel}","templated":true}]}}